{"id":407,"date":"2025-04-22T10:52:47","date_gmt":"2025-04-22T09:52:47","guid":{"rendered":"https:\/\/echeverriafarriols.com\/?p=407"},"modified":"2025-08-01T11:28:07","modified_gmt":"2025-08-01T10:28:07","slug":"medidas-extraordinarias-para-extranjeros-afectados-por-la-dana-en-espana","status":"publish","type":"post","link":"https:\/\/echeverriafarriols.com\/en\/medidas-extraordinarias-para-extranjeros-afectados-por-la-dana-en-espana\/","title":{"rendered":"Extraordinary measures for foreigners affected by the DANA in Spain"},"content":{"rendered":"<p>The <strong>Official State Gazette (BOE)<\/strong> has published the resolution approving <strong>urgent measures for the extension and renewal of residence and work authorisations<\/strong> for foreigners affected by the <strong>DANA<\/strong> between 28 October and 4 November 2024. These measures aim to <strong>avoiding supervening irregularity<\/strong> and ensure the <strong>legal certainty<\/strong> of migrants and employers.<\/p>\n\n\n\n<h2 class=\"wp-block-heading\"><strong>Main measures taken<\/strong><\/h2>\n\n\n\n<p><strong>1. Extension and automatic renewal of permits<\/strong><br>\u2714 Residence and work authorisations which expire between <strong>30 July 2024 and 1 April 2025<\/strong>except in cases of public order or public health.<br>\u2714 Relaxation of requirements for renewals of permits affected by the DANA.<\/p>\n\n\n\n<p><strong>2. Relaxation of requirements for pending applications<\/strong><br>\u2714 The applications submitted shall be favourably approved. <strong>before 4 November 2024<\/strong>even if those affected no longer meet some of the requirements due to the disaster.<\/p>\n\n\n\n<p><strong>3. Residence in exceptional circumstances<\/strong><br>\u2714 One <strong>1-year residency<\/strong> for foreigners without prior authorisation who lived in the municipalities concerned, with the right to <strong>working throughout Spain<\/strong>.<br>\u2714 <strong>Relatives of fatalities<\/strong> of the DANA will receive an authorisation from <strong>5 years<\/strong>.<\/p>\n\n\n\n<p><strong>4. Work permits affected by Social Security registration<\/strong><br>\u2714 Social Security affiliation requirements are relaxed to prevent workers from losing their residence and employment authorisation.<\/p>\n\n\n\n<h2 class=\"wp-block-heading\"><strong>Impact of measures<\/strong><\/h2>\n\n\n\n<p>\u2714 Prevent the <strong>supervening irregularity<\/strong> of migrants.<br>\u2714 Toast <strong>legal certainty<\/strong> affected workers and employers.<br>They facilitate job continuity and stability for foreign families affected by the DANA.<\/p>\n\n\n\n<p>Source: <a href=\"https:\/\/infoextranjeria.org\/2025\/02\/13\/autorizaciones-estancia-residencia-y-trabajo-personas-extranjeras-afectadas-por-dana\/\">https:\/\/infoextranjeria.org\/2025\/02\/13\/autorizaciones-estancia-residencia-y-trabajo-personas-extranjeras-afectadas-por-dana\/<\/a><\/p>\n\n\n\n<p><strong>If you need help to regularise your situation after the DANA, <a href=\"https:\/\/echeverriafarriols.com\/en\/contacto\/\">contact us<\/a>. At Echeverr\u00eda Farriols Abogados &amp; Asociados we advise you throughout the whole process. <\/strong><\/p>","protected":false},"excerpt":{"rendered":"<p>The Official State Gazette (BOE) has published the resolution approving urgent measures for the extension and renewal of residence and work permits for foreigners affected by the DANA between 28 October and 4 November 2024. These measures seek to avoid supervening irregularity and guarantee legal certainty ... <a title=\"Extraordinary measures for foreigners affected by the DANA in Spain\" class=\"read-more\" href=\"https:\/\/echeverriafarriols.com\/en\/medidas-extraordinarias-para-extranjeros-afectados-por-la-dana-en-espana\/\" aria-label=\"Read more about Extraordinary measures for foreigners affected by the DANA in Spain\">Read more<\/a><\/p>","protected":false},"author":8,"featured_media":2285,"comment_status":"open","ping_status":"open","sticky":false,"template":"","format":"standard","meta":{"pgc_sgb_lightbox_settings":"","footnotes":""},"categories":[1],"tags":[],"class_list":["post-407","post","type-post","status-publish","format-standard","has-post-thumbnail","hentry","category-uncategorized"],"yoast_head":"<!-- This site is optimized with the Yoast SEO plugin v27.5 - https:\/\/yoast.com\/product\/yoast-seo-wordpress\/ -->\n<title>Medidas extraordinarias para extranjeros afectados por la DANA en Espa\u00f1a - Echeverria Farriols<\/title>\n<meta name=\"description\" content=\"El Bolet\u00edn Oficial del Estado (BOE) ha publicado la resoluci\u00f3n que aprueba medidas urgentes para la pr\u00f3rroga y renovaci\u00f3n de autorizaciones de residencia.\" \/>\n<meta name=\"robots\" content=\"index, follow, max-snippet:-1, max-image-preview:large, max-video-preview:-1\" \/>\n<link rel=\"canonical\" href=\"https:\/\/echeverriafarriols.com\/en\/medidas-extraordinarias-para-extranjeros-afectados-por-la-dana-en-espana\/\" \/>\n<meta property=\"og:locale\" content=\"en_GB\" \/>\n<meta property=\"og:type\" content=\"article\" \/>\n<meta property=\"og:title\" content=\"Medidas extraordinarias para extranjeros afectados por la DANA en Espa\u00f1a - Echeverria Farriols\" \/>\n<meta property=\"og:description\" content=\"El Bolet\u00edn Oficial del Estado (BOE) ha publicado la resoluci\u00f3n que aprueba medidas urgentes para la pr\u00f3rroga y renovaci\u00f3n de autorizaciones de residencia.\" \/>\n<meta property=\"og:url\" content=\"https:\/\/echeverriafarriols.com\/en\/medidas-extraordinarias-para-extranjeros-afectados-por-la-dana-en-espana\/\" \/>\n<meta property=\"og:site_name\" content=\"Echeverria Farriols\" \/>\n<meta property=\"article:published_time\" content=\"2025-04-22T09:52:47+00:00\" \/>\n<meta property=\"article:modified_time\" content=\"2025-08-01T10:28:07+00:00\" \/>\n<meta property=\"og:image\" content=\"https:\/\/echeverriafarriols.com\/wp-content\/uploads\/2024\/12\/matthew-oxKU1ObQBd4-unsplash-scaled.jpg\" \/>\n\t<meta property=\"og:image:width\" content=\"2560\" \/>\n\t<meta property=\"og:image:height\" content=\"1707\" \/>\n\t<meta property=\"og:image:type\" content=\"image\/jpeg\" \/>\n<meta name=\"author\" content=\"Maricarmen Echeverr\u00eda\" \/>\n<meta name=\"twitter:card\" content=\"summary_large_image\" \/>\n<meta name=\"twitter:label1\" content=\"Written by\" \/>\n\t<meta name=\"twitter:data1\" content=\"Maricarmen Echeverr\u00eda\" \/>\n\t<meta name=\"twitter:label2\" content=\"Estimated reading time\" \/>\n\t<meta name=\"twitter:data2\" content=\"2 minutes\" \/>\n<script type=\"application\/ld+json\" class=\"yoast-schema-graph\">{\"@context\":\"https:\\\/\\\/schema.org\",\"@graph\":[{\"@type\":\"Article\",\"@id\":\"https:\\\/\\\/echeverriafarriols.com\\\/medidas-extraordinarias-para-extranjeros-afectados-por-la-dana-en-espana\\\/#article\",\"isPartOf\":{\"@id\":\"https:\\\/\\\/echeverriafarriols.com\\\/medidas-extraordinarias-para-extranjeros-afectados-por-la-dana-en-espana\\\/\"},\"author\":{\"name\":\"Maricarmen Echeverr\u00eda\",\"@id\":\"https:\\\/\\\/echeverriafarriols.com\\\/#\\\/schema\\\/person\\\/8517362ead6a9d3a274b2aff6cad9d3c\"},\"headline\":\"Medidas extraordinarias para extranjeros afectados por la DANA en Espa\u00f1a\",\"datePublished\":\"2025-04-22T09:52:47+00:00\",\"dateModified\":\"2025-08-01T10:28:07+00:00\",\"mainEntityOfPage\":{\"@id\":\"https:\\\/\\\/echeverriafarriols.com\\\/medidas-extraordinarias-para-extranjeros-afectados-por-la-dana-en-espana\\\/\"},\"wordCount\":312,\"commentCount\":0,\"publisher\":{\"@id\":\"https:\\\/\\\/echeverriafarriols.com\\\/#organization\"},\"image\":{\"@id\":\"https:\\\/\\\/echeverriafarriols.com\\\/medidas-extraordinarias-para-extranjeros-afectados-por-la-dana-en-espana\\\/#primaryimage\"},\"thumbnailUrl\":\"https:\\\/\\\/echeverriafarriols.com\\\/wp-content\\\/uploads\\\/2024\\\/12\\\/matthew-oxKU1ObQBd4-unsplash-scaled.jpg\",\"articleSection\":[\"Uncategorized\"],\"inLanguage\":\"en-GB\",\"potentialAction\":[{\"@type\":\"CommentAction\",\"name\":\"Comment\",\"target\":[\"https:\\\/\\\/echeverriafarriols.com\\\/medidas-extraordinarias-para-extranjeros-afectados-por-la-dana-en-espana\\\/#respond\"]}]},{\"@type\":\"WebPage\",\"@id\":\"https:\\\/\\\/echeverriafarriols.com\\\/medidas-extraordinarias-para-extranjeros-afectados-por-la-dana-en-espana\\\/\",\"url\":\"https:\\\/\\\/echeverriafarriols.com\\\/medidas-extraordinarias-para-extranjeros-afectados-por-la-dana-en-espana\\\/\",\"name\":\"Medidas extraordinarias para extranjeros afectados por la DANA en Espa\u00f1a - Echeverria Farriols\",\"isPartOf\":{\"@id\":\"https:\\\/\\\/echeverriafarriols.com\\\/#website\"},\"primaryImageOfPage\":{\"@id\":\"https:\\\/\\\/echeverriafarriols.com\\\/medidas-extraordinarias-para-extranjeros-afectados-por-la-dana-en-espana\\\/#primaryimage\"},\"image\":{\"@id\":\"https:\\\/\\\/echeverriafarriols.com\\\/medidas-extraordinarias-para-extranjeros-afectados-por-la-dana-en-espana\\\/#primaryimage\"},\"thumbnailUrl\":\"https:\\\/\\\/echeverriafarriols.com\\\/wp-content\\\/uploads\\\/2024\\\/12\\\/matthew-oxKU1ObQBd4-unsplash-scaled.jpg\",\"datePublished\":\"2025-04-22T09:52:47+00:00\",\"dateModified\":\"2025-08-01T10:28:07+00:00\",\"description\":\"El Bolet\u00edn Oficial del Estado (BOE) ha publicado la resoluci\u00f3n que aprueba medidas urgentes para la pr\u00f3rroga y renovaci\u00f3n de autorizaciones de residencia.\",\"breadcrumb\":{\"@id\":\"https:\\\/\\\/echeverriafarriols.com\\\/medidas-extraordinarias-para-extranjeros-afectados-por-la-dana-en-espana\\\/#breadcrumb\"},\"inLanguage\":\"en-GB\",\"potentialAction\":[{\"@type\":\"ReadAction\",\"target\":[\"https:\\\/\\\/echeverriafarriols.com\\\/medidas-extraordinarias-para-extranjeros-afectados-por-la-dana-en-espana\\\/\"]}]},{\"@type\":\"ImageObject\",\"inLanguage\":\"en-GB\",\"@id\":\"https:\\\/\\\/echeverriafarriols.com\\\/medidas-extraordinarias-para-extranjeros-afectados-por-la-dana-en-espana\\\/#primaryimage\",\"url\":\"https:\\\/\\\/echeverriafarriols.com\\\/wp-content\\\/uploads\\\/2024\\\/12\\\/matthew-oxKU1ObQBd4-unsplash-scaled.jpg\",\"contentUrl\":\"https:\\\/\\\/echeverriafarriols.com\\\/wp-content\\\/uploads\\\/2024\\\/12\\\/matthew-oxKU1ObQBd4-unsplash-scaled.jpg\",\"width\":2560,\"height\":1707},{\"@type\":\"BreadcrumbList\",\"@id\":\"https:\\\/\\\/echeverriafarriols.com\\\/medidas-extraordinarias-para-extranjeros-afectados-por-la-dana-en-espana\\\/#breadcrumb\",\"itemListElement\":[{\"@type\":\"ListItem\",\"position\":1,\"name\":\"Portada\",\"item\":\"https:\\\/\\\/echeverriafarriols.com\\\/\"},{\"@type\":\"ListItem\",\"position\":2,\"name\":\"Medidas extraordinarias para extranjeros afectados por la DANA en Espa\u00f1a\"}]},{\"@type\":\"WebSite\",\"@id\":\"https:\\\/\\\/echeverriafarriols.com\\\/#website\",\"url\":\"https:\\\/\\\/echeverriafarriols.com\\\/\",\"name\":\"Echeverr\u00eda Farriols\",\"description\":\"Asesor\u00eda jur\u00eddica integral a personas y empresas\",\"publisher\":{\"@id\":\"https:\\\/\\\/echeverriafarriols.com\\\/#organization\"},\"potentialAction\":[{\"@type\":\"SearchAction\",\"target\":{\"@type\":\"EntryPoint\",\"urlTemplate\":\"https:\\\/\\\/echeverriafarriols.com\\\/?s={search_term_string}\"},\"query-input\":{\"@type\":\"PropertyValueSpecification\",\"valueRequired\":true,\"valueName\":\"search_term_string\"}}],\"inLanguage\":\"en-GB\"},{\"@type\":\"Organization\",\"@id\":\"https:\\\/\\\/echeverriafarriols.com\\\/#organization\",\"name\":\"Echeverria Farriols\",\"url\":\"https:\\\/\\\/echeverriafarriols.com\\\/\",\"logo\":{\"@type\":\"ImageObject\",\"inLanguage\":\"en-GB\",\"@id\":\"https:\\\/\\\/echeverriafarriols.com\\\/#\\\/schema\\\/logo\\\/image\\\/\",\"url\":\"https:\\\/\\\/echeverriafarriols.com\\\/wp-content\\\/uploads\\\/2024\\\/11\\\/Logo-principal89@4x.png\",\"contentUrl\":\"https:\\\/\\\/echeverriafarriols.com\\\/wp-content\\\/uploads\\\/2024\\\/11\\\/Logo-principal89@4x.png\",\"width\":798,\"height\":494,\"caption\":\"Echeverria Farriols\"},\"image\":{\"@id\":\"https:\\\/\\\/echeverriafarriols.com\\\/#\\\/schema\\\/logo\\\/image\\\/\"},\"sameAs\":[\"https:\\\/\\\/www.instagram.com\\\/mariecheverriaj\\\/\",\"https:\\\/\\\/www.linkedin.com\\\/in\\\/maripoupee\\\/?originalSubdomain=es\"]},{\"@type\":\"Person\",\"@id\":\"https:\\\/\\\/echeverriafarriols.com\\\/#\\\/schema\\\/person\\\/8517362ead6a9d3a274b2aff6cad9d3c\",\"name\":\"Maricarmen Echeverr\u00eda\",\"image\":{\"@type\":\"ImageObject\",\"inLanguage\":\"en-GB\",\"@id\":\"https:\\\/\\\/secure.gravatar.com\\\/avatar\\\/bbf7363f19dd416f0b066308425418fe5c002a3f869ef3ee86f21047bee457c6?s=96&d=mm&r=g\",\"url\":\"https:\\\/\\\/secure.gravatar.com\\\/avatar\\\/bbf7363f19dd416f0b066308425418fe5c002a3f869ef3ee86f21047bee457c6?s=96&d=mm&r=g\",\"contentUrl\":\"https:\\\/\\\/secure.gravatar.com\\\/avatar\\\/bbf7363f19dd416f0b066308425418fe5c002a3f869ef3ee86f21047bee457c6?s=96&d=mm&r=g\",\"caption\":\"Maricarmen Echeverr\u00eda\"},\"description\":\"Abogada colegiada en el Ilustre Colegio de la Abogac\u00eda de Madrid (ICAM) desde 2014.\",\"url\":\"https:\\\/\\\/echeverriafarriols.com\\\/en\\\/author\\\/maricarmen\\\/\"}]}<\/script>\n<!-- \/ Yoast SEO plugin. -->","yoast_head_json":{"title":"Extraordinary measures for foreigners affected by the DANA in Spain - Echeverria Farriols","description":"The Official State Gazette (BOE) has published the resolution approving urgent measures for the extension and renewal of residence permits.","robots":{"index":"index","follow":"follow","max-snippet":"max-snippet:-1","max-image-preview":"max-image-preview:large","max-video-preview":"max-video-preview:-1"},"canonical":"https:\/\/echeverriafarriols.com\/en\/medidas-extraordinarias-para-extranjeros-afectados-por-la-dana-en-espana\/","og_locale":"en_GB","og_type":"article","og_title":"Medidas extraordinarias para extranjeros afectados por la DANA en Espa\u00f1a - Echeverria Farriols","og_description":"El Bolet\u00edn Oficial del Estado (BOE) ha publicado la resoluci\u00f3n que aprueba medidas urgentes para la pr\u00f3rroga y renovaci\u00f3n de autorizaciones de residencia.","og_url":"https:\/\/echeverriafarriols.com\/en\/medidas-extraordinarias-para-extranjeros-afectados-por-la-dana-en-espana\/","og_site_name":"Echeverria Farriols","article_published_time":"2025-04-22T09:52:47+00:00","article_modified_time":"2025-08-01T10:28:07+00:00","og_image":[{"width":2560,"height":1707,"url":"https:\/\/echeverriafarriols.com\/wp-content\/uploads\/2024\/12\/matthew-oxKU1ObQBd4-unsplash-scaled.jpg","type":"image\/jpeg"}],"author":"Maricarmen Echeverr\u00eda","twitter_card":"summary_large_image","twitter_misc":{"Written by":"Maricarmen Echeverr\u00eda","Estimated reading time":"2 minutes"},"schema":{"@context":"https:\/\/schema.org","@graph":[{"@type":"Article","@id":"https:\/\/echeverriafarriols.com\/medidas-extraordinarias-para-extranjeros-afectados-por-la-dana-en-espana\/#article","isPartOf":{"@id":"https:\/\/echeverriafarriols.com\/medidas-extraordinarias-para-extranjeros-afectados-por-la-dana-en-espana\/"},"author":{"name":"Maricarmen Echeverr\u00eda","@id":"https:\/\/echeverriafarriols.com\/#\/schema\/person\/8517362ead6a9d3a274b2aff6cad9d3c"},"headline":"Medidas extraordinarias para extranjeros afectados por la DANA en Espa\u00f1a","datePublished":"2025-04-22T09:52:47+00:00","dateModified":"2025-08-01T10:28:07+00:00","mainEntityOfPage":{"@id":"https:\/\/echeverriafarriols.com\/medidas-extraordinarias-para-extranjeros-afectados-por-la-dana-en-espana\/"},"wordCount":312,"commentCount":0,"publisher":{"@id":"https:\/\/echeverriafarriols.com\/#organization"},"image":{"@id":"https:\/\/echeverriafarriols.com\/medidas-extraordinarias-para-extranjeros-afectados-por-la-dana-en-espana\/#primaryimage"},"thumbnailUrl":"https:\/\/echeverriafarriols.com\/wp-content\/uploads\/2024\/12\/matthew-oxKU1ObQBd4-unsplash-scaled.jpg","articleSection":["Uncategorized"],"inLanguage":"en-GB","potentialAction":[{"@type":"CommentAction","name":"Comment","target":["https:\/\/echeverriafarriols.com\/medidas-extraordinarias-para-extranjeros-afectados-por-la-dana-en-espana\/#respond"]}]},{"@type":"WebPage","@id":"https:\/\/echeverriafarriols.com\/medidas-extraordinarias-para-extranjeros-afectados-por-la-dana-en-espana\/","url":"https:\/\/echeverriafarriols.com\/medidas-extraordinarias-para-extranjeros-afectados-por-la-dana-en-espana\/","name":"Extraordinary measures for foreigners affected by the DANA in Spain - Echeverria Farriols","isPartOf":{"@id":"https:\/\/echeverriafarriols.com\/#website"},"primaryImageOfPage":{"@id":"https:\/\/echeverriafarriols.com\/medidas-extraordinarias-para-extranjeros-afectados-por-la-dana-en-espana\/#primaryimage"},"image":{"@id":"https:\/\/echeverriafarriols.com\/medidas-extraordinarias-para-extranjeros-afectados-por-la-dana-en-espana\/#primaryimage"},"thumbnailUrl":"https:\/\/echeverriafarriols.com\/wp-content\/uploads\/2024\/12\/matthew-oxKU1ObQBd4-unsplash-scaled.jpg","datePublished":"2025-04-22T09:52:47+00:00","dateModified":"2025-08-01T10:28:07+00:00","description":"The Official State Gazette (BOE) has published the resolution approving urgent measures for the extension and renewal of residence permits.","breadcrumb":{"@id":"https:\/\/echeverriafarriols.com\/medidas-extraordinarias-para-extranjeros-afectados-por-la-dana-en-espana\/#breadcrumb"},"inLanguage":"en-GB","potentialAction":[{"@type":"ReadAction","target":["https:\/\/echeverriafarriols.com\/medidas-extraordinarias-para-extranjeros-afectados-por-la-dana-en-espana\/"]}]},{"@type":"ImageObject","inLanguage":"en-GB","@id":"https:\/\/echeverriafarriols.com\/medidas-extraordinarias-para-extranjeros-afectados-por-la-dana-en-espana\/#primaryimage","url":"https:\/\/echeverriafarriols.com\/wp-content\/uploads\/2024\/12\/matthew-oxKU1ObQBd4-unsplash-scaled.jpg","contentUrl":"https:\/\/echeverriafarriols.com\/wp-content\/uploads\/2024\/12\/matthew-oxKU1ObQBd4-unsplash-scaled.jpg","width":2560,"height":1707},{"@type":"BreadcrumbList","@id":"https:\/\/echeverriafarriols.com\/medidas-extraordinarias-para-extranjeros-afectados-por-la-dana-en-espana\/#breadcrumb","itemListElement":[{"@type":"ListItem","position":1,"name":"Portada","item":"https:\/\/echeverriafarriols.com\/"},{"@type":"ListItem","position":2,"name":"Medidas extraordinarias para extranjeros afectados por la DANA en Espa\u00f1a"}]},{"@type":"WebSite","@id":"https:\/\/echeverriafarriols.com\/#website","url":"https:\/\/echeverriafarriols.com\/","name":"Echeverr\u00eda Farriols","description":"Comprehensive legal advice to individuals and companies","publisher":{"@id":"https:\/\/echeverriafarriols.com\/#organization"},"potentialAction":[{"@type":"SearchAction","target":{"@type":"EntryPoint","urlTemplate":"https:\/\/echeverriafarriols.com\/?s={search_term_string}"},"query-input":{"@type":"PropertyValueSpecification","valueRequired":true,"valueName":"search_term_string"}}],"inLanguage":"en-GB"},{"@type":"Organization","@id":"https:\/\/echeverriafarriols.com\/#organization","name":"Echeverria Farriols","url":"https:\/\/echeverriafarriols.com\/","logo":{"@type":"ImageObject","inLanguage":"en-GB","@id":"https:\/\/echeverriafarriols.com\/#\/schema\/logo\/image\/","url":"https:\/\/echeverriafarriols.com\/wp-content\/uploads\/2024\/11\/Logo-principal89@4x.png","contentUrl":"https:\/\/echeverriafarriols.com\/wp-content\/uploads\/2024\/11\/Logo-principal89@4x.png","width":798,"height":494,"caption":"Echeverria Farriols"},"image":{"@id":"https:\/\/echeverriafarriols.com\/#\/schema\/logo\/image\/"},"sameAs":["https:\/\/www.instagram.com\/mariecheverriaj\/","https:\/\/www.linkedin.com\/in\/maripoupee\/?originalSubdomain=es"]},{"@type":"Person","@id":"https:\/\/echeverriafarriols.com\/#\/schema\/person\/8517362ead6a9d3a274b2aff6cad9d3c","name":"Maricarmen Echeverr\u00eda","image":{"@type":"ImageObject","inLanguage":"en-GB","@id":"https:\/\/secure.gravatar.com\/avatar\/bbf7363f19dd416f0b066308425418fe5c002a3f869ef3ee86f21047bee457c6?s=96&d=mm&r=g","url":"https:\/\/secure.gravatar.com\/avatar\/bbf7363f19dd416f0b066308425418fe5c002a3f869ef3ee86f21047bee457c6?s=96&d=mm&r=g","contentUrl":"https:\/\/secure.gravatar.com\/avatar\/bbf7363f19dd416f0b066308425418fe5c002a3f869ef3ee86f21047bee457c6?s=96&d=mm&r=g","caption":"Maricarmen Echeverr\u00eda"},"description":"Member of the Madrid Bar Association (ICAM) since 2014.","url":"https:\/\/echeverriafarriols.com\/en\/author\/maricarmen\/"}]}},"_links":{"self":[{"href":"https:\/\/echeverriafarriols.com\/en\/wp-json\/wp\/v2\/posts\/407","targetHints":{"allow":["GET"]}}],"collection":[{"href":"https:\/\/echeverriafarriols.com\/en\/wp-json\/wp\/v2\/posts"}],"about":[{"href":"https:\/\/echeverriafarriols.com\/en\/wp-json\/wp\/v2\/types\/post"}],"author":[{"embeddable":true,"href":"https:\/\/echeverriafarriols.com\/en\/wp-json\/wp\/v2\/users\/8"}],"replies":[{"embeddable":true,"href":"https:\/\/echeverriafarriols.com\/en\/wp-json\/wp\/v2\/comments?post=407"}],"version-history":[{"count":4,"href":"https:\/\/echeverriafarriols.com\/en\/wp-json\/wp\/v2\/posts\/407\/revisions"}],"predecessor-version":[{"id":2292,"href":"https:\/\/echeverriafarriols.com\/en\/wp-json\/wp\/v2\/posts\/407\/revisions\/2292"}],"wp:featuredmedia":[{"embeddable":true,"href":"https:\/\/echeverriafarriols.com\/en\/wp-json\/wp\/v2\/media\/2285"}],"wp:attachment":[{"href":"https:\/\/echeverriafarriols.com\/en\/wp-json\/wp\/v2\/media?parent=407"}],"wp:term":[{"taxonomy":"category","embeddable":true,"href":"https:\/\/echeverriafarriols.com\/en\/wp-json\/wp\/v2\/categories?post=407"},{"taxonomy":"post_tag","embeddable":true,"href":"https:\/\/echeverriafarriols.com\/en\/wp-json\/wp\/v2\/tags?post=407"}],"curies":[{"name":"wp","href":"https:\/\/api.w.org\/{rel}","templated":true}]}}