{"id":2586,"date":"2025-07-24T11:07:17","date_gmt":"2025-07-24T10:07:17","guid":{"rendered":"https:\/\/echeverriafarriols.com\/?p=2586"},"modified":"2025-08-01T11:11:31","modified_gmt":"2025-08-01T10:11:31","slug":"de-la-teoria-a-la-practica-grandes-juristas-guiando-a-la-proxima-generacion","status":"publish","type":"post","link":"https:\/\/echeverriafarriols.com\/en\/de-la-teoria-a-la-practica-grandes-juristas-guiando-a-la-proxima-generacion\/","title":{"rendered":"From theory to practice: great jurists guiding the next generation"},"content":{"rendered":"<p>Nebrija University has launched a new edition of its Mentoring Programme for first-year Law Degree students. In this initiative, forty professionals from the legal field individually guide students in their academic and professional development.<\/p>\n\n\n\n<p>The director of the programme, Daniel Ortiz, emphasised that the main objective is to guide students in their vocation and prepare them for the different career opportunities in law, as well as to foster a mentor-mentee relationship that facilitates opportunities in the labour market.<\/p>\n\n\n\n<p>The mentors include prestigious lawyers, members of the legal departments of large companies such as Telef\u00f3nica, specialists in various branches of law, notaries, solicitors, arbitrators and professionals from the public sector.<\/p>\n\n\n\n<p>Two professors participating in the programme, Dolores L\u00f3pez Faraldos and Cristina Fern\u00e1ndez Herrero, highlighted the experience as enriching for both students and mentors. For his part, the Dean of the Faculty, Alfonso L\u00f3pez de la Osa, stressed the importance of forming \"free minds\" and the influence of the mentors on the character of the students. The director of the Department of Law, Ana Quintana, highlighted professional ethics as a key value that is transmitted through this initiative.<\/p>\n\n\n\n<p>Source: <a href=\"https:\/\/www.nebrija.com\/medios\/actualidadnebrija\/2025\/03\/04\/cuarenta-profesionales-guian-a-cuarenta-alumnos-de-derecho-en-el-programa-de-mentores\/?utm_campaign=shareaholic&amp;utm_medium=copy_link&amp;utm_source=bookmark\">Nebrija.com<\/a> <\/p>\n\n\n\n<figure class=\"wp-block-gallery has-nested-images columns-default is-cropped wp-block-gallery-1 is-layout-flex wp-block-gallery-is-layout-flex\">\n<figure class=\"wp-block-image size-large\"><img fetchpriority=\"high\" decoding=\"async\" width=\"787\" height=\"459\" data-id=\"2570\" src=\"https:\/\/echeverriafarriols.com\/wp-content\/uploads\/2025\/06\/NEBRIJA-MENTORIA-1.jpg\" alt=\"\" class=\"wp-image-2570\" srcset=\"https:\/\/echeverriafarriols.com\/wp-content\/uploads\/2025\/06\/NEBRIJA-MENTORIA-1.jpg 787w, https:\/\/echeverriafarriols.com\/wp-content\/uploads\/2025\/06\/NEBRIJA-MENTORIA-1-300x175.jpg 300w, https:\/\/echeverriafarriols.com\/wp-content\/uploads\/2025\/06\/NEBRIJA-MENTORIA-1-768x448.jpg 768w, https:\/\/echeverriafarriols.com\/wp-content\/uploads\/2025\/06\/NEBRIJA-MENTORIA-1-18x10.jpg 18w\" sizes=\"(max-width: 787px) 100vw, 787px\" \/><\/figure>\n\n\n\n<figure class=\"wp-block-image size-large\"><img decoding=\"async\" width=\"862\" height=\"1024\" data-id=\"2571\" src=\"https:\/\/echeverriafarriols.com\/wp-content\/uploads\/2025\/06\/NEBRIJA-MENTORIA-862x1024.jpg\" alt=\"\" class=\"wp-image-2571\" srcset=\"https:\/\/echeverriafarriols.com\/wp-content\/uploads\/2025\/06\/NEBRIJA-MENTORIA-862x1024.jpg 862w, https:\/\/echeverriafarriols.com\/wp-content\/uploads\/2025\/06\/NEBRIJA-MENTORIA-253x300.jpg 253w, https:\/\/echeverriafarriols.com\/wp-content\/uploads\/2025\/06\/NEBRIJA-MENTORIA-768x912.jpg 768w, https:\/\/echeverriafarriols.com\/wp-content\/uploads\/2025\/06\/NEBRIJA-MENTORIA-1294x1536.jpg 1294w, https:\/\/echeverriafarriols.com\/wp-content\/uploads\/2025\/06\/NEBRIJA-MENTORIA-1725x2048.jpg 1725w, https:\/\/echeverriafarriols.com\/wp-content\/uploads\/2025\/06\/NEBRIJA-MENTORIA-10x12.jpg 10w\" sizes=\"(max-width: 862px) 100vw, 862px\" \/><\/figure>\n<\/figure>","protected":false},"excerpt":{"rendered":"<p>Nebrija University has launched a new edition of its Mentoring Programme for first-year Law Degree students. In this initiative, forty professionals from the legal field individually guide students in their academic and professional development. The director of the programme, Daniel Ortiz, stressed that the main objective is to ... <a title=\"From theory to practice: great jurists guiding the next generation\" class=\"read-more\" href=\"https:\/\/echeverriafarriols.com\/en\/de-la-teoria-a-la-practica-grandes-juristas-guiando-a-la-proxima-generacion\/\" aria-label=\"Read more about From theory to practice: great jurists guiding the next generation\">Read more<\/a><\/p>","protected":false},"author":8,"featured_media":2570,"comment_status":"open","ping_status":"open","sticky":false,"template":"","format":"standard","meta":{"pgc_sgb_lightbox_settings":"","footnotes":""},"categories":[1],"tags":[],"class_list":["post-2586","post","type-post","status-publish","format-standard","has-post-thumbnail","hentry","category-uncategorized"],"yoast_head":"<!-- This site is optimized with the Yoast SEO plugin v27.5 - https:\/\/yoast.com\/product\/yoast-seo-wordpress\/ -->\n<title>De la teor\u00eda a la pr\u00e1ctica: grandes juristas guiando a la pr\u00f3xima generaci\u00f3n - Echeverria Farriols<\/title>\n<meta name=\"description\" content=\"La Universidad Nebrija lanza un programa de mentor\u00eda donde destacados juristas acompa\u00f1an a estudiantes de Derecho en su formaci\u00f3n acad\u00e9mica y profesional.\" \/>\n<meta name=\"robots\" content=\"index, follow, max-snippet:-1, max-image-preview:large, max-video-preview:-1\" \/>\n<link rel=\"canonical\" href=\"https:\/\/echeverriafarriols.com\/en\/de-la-teoria-a-la-practica-grandes-juristas-guiando-a-la-proxima-generacion\/\" \/>\n<meta property=\"og:locale\" content=\"en_GB\" \/>\n<meta property=\"og:type\" content=\"article\" \/>\n<meta property=\"og:title\" content=\"De la teor\u00eda a la pr\u00e1ctica: grandes juristas guiando a la pr\u00f3xima generaci\u00f3n - Echeverria Farriols\" \/>\n<meta property=\"og:description\" content=\"La Universidad Nebrija lanza un programa de mentor\u00eda donde destacados juristas acompa\u00f1an a estudiantes de Derecho en su formaci\u00f3n acad\u00e9mica y profesional.\" \/>\n<meta property=\"og:url\" content=\"https:\/\/echeverriafarriols.com\/en\/de-la-teoria-a-la-practica-grandes-juristas-guiando-a-la-proxima-generacion\/\" \/>\n<meta property=\"og:site_name\" content=\"Echeverria Farriols\" \/>\n<meta property=\"article:published_time\" content=\"2025-07-24T10:07:17+00:00\" \/>\n<meta property=\"article:modified_time\" content=\"2025-08-01T10:11:31+00:00\" \/>\n<meta property=\"og:image\" content=\"https:\/\/echeverriafarriols.com\/wp-content\/uploads\/2025\/06\/NEBRIJA-MENTORIA-1.jpg\" \/>\n\t<meta property=\"og:image:width\" content=\"787\" \/>\n\t<meta property=\"og:image:height\" content=\"459\" \/>\n\t<meta property=\"og:image:type\" content=\"image\/jpeg\" \/>\n<meta name=\"author\" content=\"Maricarmen Echeverr\u00eda\" \/>\n<meta name=\"twitter:card\" content=\"summary_large_image\" \/>\n<meta name=\"twitter:label1\" content=\"Written by\" \/>\n\t<meta name=\"twitter:data1\" content=\"Maricarmen Echeverr\u00eda\" \/>\n\t<meta name=\"twitter:label2\" content=\"Estimated reading time\" \/>\n\t<meta name=\"twitter:data2\" content=\"2 minutes\" \/>\n<script type=\"application\/ld+json\" class=\"yoast-schema-graph\">{\"@context\":\"https:\\\/\\\/schema.org\",\"@graph\":[{\"@type\":\"Article\",\"@id\":\"https:\\\/\\\/echeverriafarriols.com\\\/de-la-teoria-a-la-practica-grandes-juristas-guiando-a-la-proxima-generacion\\\/#article\",\"isPartOf\":{\"@id\":\"https:\\\/\\\/echeverriafarriols.com\\\/de-la-teoria-a-la-practica-grandes-juristas-guiando-a-la-proxima-generacion\\\/\"},\"author\":{\"name\":\"Maricarmen Echeverr\u00eda\",\"@id\":\"https:\\\/\\\/echeverriafarriols.com\\\/#\\\/schema\\\/person\\\/8517362ead6a9d3a274b2aff6cad9d3c\"},\"headline\":\"De la teor\u00eda a la pr\u00e1ctica: grandes juristas guiando a la pr\u00f3xima generaci\u00f3n\",\"datePublished\":\"2025-07-24T10:07:17+00:00\",\"dateModified\":\"2025-08-01T10:11:31+00:00\",\"mainEntityOfPage\":{\"@id\":\"https:\\\/\\\/echeverriafarriols.com\\\/de-la-teoria-a-la-practica-grandes-juristas-guiando-a-la-proxima-generacion\\\/\"},\"wordCount\":234,\"commentCount\":0,\"publisher\":{\"@id\":\"https:\\\/\\\/echeverriafarriols.com\\\/#organization\"},\"image\":{\"@id\":\"https:\\\/\\\/echeverriafarriols.com\\\/de-la-teoria-a-la-practica-grandes-juristas-guiando-a-la-proxima-generacion\\\/#primaryimage\"},\"thumbnailUrl\":\"https:\\\/\\\/echeverriafarriols.com\\\/wp-content\\\/uploads\\\/2025\\\/06\\\/NEBRIJA-MENTORIA-1.jpg\",\"articleSection\":[\"Uncategorized\"],\"inLanguage\":\"en-GB\",\"potentialAction\":[{\"@type\":\"CommentAction\",\"name\":\"Comment\",\"target\":[\"https:\\\/\\\/echeverriafarriols.com\\\/de-la-teoria-a-la-practica-grandes-juristas-guiando-a-la-proxima-generacion\\\/#respond\"]}]},{\"@type\":\"WebPage\",\"@id\":\"https:\\\/\\\/echeverriafarriols.com\\\/de-la-teoria-a-la-practica-grandes-juristas-guiando-a-la-proxima-generacion\\\/\",\"url\":\"https:\\\/\\\/echeverriafarriols.com\\\/de-la-teoria-a-la-practica-grandes-juristas-guiando-a-la-proxima-generacion\\\/\",\"name\":\"De la teor\u00eda a la pr\u00e1ctica: grandes juristas guiando a la pr\u00f3xima generaci\u00f3n - Echeverria Farriols\",\"isPartOf\":{\"@id\":\"https:\\\/\\\/echeverriafarriols.com\\\/#website\"},\"primaryImageOfPage\":{\"@id\":\"https:\\\/\\\/echeverriafarriols.com\\\/de-la-teoria-a-la-practica-grandes-juristas-guiando-a-la-proxima-generacion\\\/#primaryimage\"},\"image\":{\"@id\":\"https:\\\/\\\/echeverriafarriols.com\\\/de-la-teoria-a-la-practica-grandes-juristas-guiando-a-la-proxima-generacion\\\/#primaryimage\"},\"thumbnailUrl\":\"https:\\\/\\\/echeverriafarriols.com\\\/wp-content\\\/uploads\\\/2025\\\/06\\\/NEBRIJA-MENTORIA-1.jpg\",\"datePublished\":\"2025-07-24T10:07:17+00:00\",\"dateModified\":\"2025-08-01T10:11:31+00:00\",\"description\":\"La Universidad Nebrija lanza un programa de mentor\u00eda donde destacados juristas acompa\u00f1an a estudiantes de Derecho en su formaci\u00f3n acad\u00e9mica y profesional.\",\"breadcrumb\":{\"@id\":\"https:\\\/\\\/echeverriafarriols.com\\\/de-la-teoria-a-la-practica-grandes-juristas-guiando-a-la-proxima-generacion\\\/#breadcrumb\"},\"inLanguage\":\"en-GB\",\"potentialAction\":[{\"@type\":\"ReadAction\",\"target\":[\"https:\\\/\\\/echeverriafarriols.com\\\/de-la-teoria-a-la-practica-grandes-juristas-guiando-a-la-proxima-generacion\\\/\"]}]},{\"@type\":\"ImageObject\",\"inLanguage\":\"en-GB\",\"@id\":\"https:\\\/\\\/echeverriafarriols.com\\\/de-la-teoria-a-la-practica-grandes-juristas-guiando-a-la-proxima-generacion\\\/#primaryimage\",\"url\":\"https:\\\/\\\/echeverriafarriols.com\\\/wp-content\\\/uploads\\\/2025\\\/06\\\/NEBRIJA-MENTORIA-1.jpg\",\"contentUrl\":\"https:\\\/\\\/echeverriafarriols.com\\\/wp-content\\\/uploads\\\/2025\\\/06\\\/NEBRIJA-MENTORIA-1.jpg\",\"width\":787,\"height\":459},{\"@type\":\"BreadcrumbList\",\"@id\":\"https:\\\/\\\/echeverriafarriols.com\\\/de-la-teoria-a-la-practica-grandes-juristas-guiando-a-la-proxima-generacion\\\/#breadcrumb\",\"itemListElement\":[{\"@type\":\"ListItem\",\"position\":1,\"name\":\"Portada\",\"item\":\"https:\\\/\\\/echeverriafarriols.com\\\/\"},{\"@type\":\"ListItem\",\"position\":2,\"name\":\"De la teor\u00eda a la pr\u00e1ctica: grandes juristas guiando a la pr\u00f3xima generaci\u00f3n\"}]},{\"@type\":\"WebSite\",\"@id\":\"https:\\\/\\\/echeverriafarriols.com\\\/#website\",\"url\":\"https:\\\/\\\/echeverriafarriols.com\\\/\",\"name\":\"Echeverr\u00eda Farriols\",\"description\":\"Asesor\u00eda jur\u00eddica integral a personas y empresas\",\"publisher\":{\"@id\":\"https:\\\/\\\/echeverriafarriols.com\\\/#organization\"},\"potentialAction\":[{\"@type\":\"SearchAction\",\"target\":{\"@type\":\"EntryPoint\",\"urlTemplate\":\"https:\\\/\\\/echeverriafarriols.com\\\/?s={search_term_string}\"},\"query-input\":{\"@type\":\"PropertyValueSpecification\",\"valueRequired\":true,\"valueName\":\"search_term_string\"}}],\"inLanguage\":\"en-GB\"},{\"@type\":\"Organization\",\"@id\":\"https:\\\/\\\/echeverriafarriols.com\\\/#organization\",\"name\":\"Echeverria Farriols\",\"url\":\"https:\\\/\\\/echeverriafarriols.com\\\/\",\"logo\":{\"@type\":\"ImageObject\",\"inLanguage\":\"en-GB\",\"@id\":\"https:\\\/\\\/echeverriafarriols.com\\\/#\\\/schema\\\/logo\\\/image\\\/\",\"url\":\"https:\\\/\\\/echeverriafarriols.com\\\/wp-content\\\/uploads\\\/2024\\\/11\\\/Logo-principal89@4x.png\",\"contentUrl\":\"https:\\\/\\\/echeverriafarriols.com\\\/wp-content\\\/uploads\\\/2024\\\/11\\\/Logo-principal89@4x.png\",\"width\":798,\"height\":494,\"caption\":\"Echeverria Farriols\"},\"image\":{\"@id\":\"https:\\\/\\\/echeverriafarriols.com\\\/#\\\/schema\\\/logo\\\/image\\\/\"},\"sameAs\":[\"https:\\\/\\\/www.instagram.com\\\/mariecheverriaj\\\/\",\"https:\\\/\\\/www.linkedin.com\\\/in\\\/maripoupee\\\/?originalSubdomain=es\"]},{\"@type\":\"Person\",\"@id\":\"https:\\\/\\\/echeverriafarriols.com\\\/#\\\/schema\\\/person\\\/8517362ead6a9d3a274b2aff6cad9d3c\",\"name\":\"Maricarmen Echeverr\u00eda\",\"image\":{\"@type\":\"ImageObject\",\"inLanguage\":\"en-GB\",\"@id\":\"https:\\\/\\\/secure.gravatar.com\\\/avatar\\\/bbf7363f19dd416f0b066308425418fe5c002a3f869ef3ee86f21047bee457c6?s=96&d=mm&r=g\",\"url\":\"https:\\\/\\\/secure.gravatar.com\\\/avatar\\\/bbf7363f19dd416f0b066308425418fe5c002a3f869ef3ee86f21047bee457c6?s=96&d=mm&r=g\",\"contentUrl\":\"https:\\\/\\\/secure.gravatar.com\\\/avatar\\\/bbf7363f19dd416f0b066308425418fe5c002a3f869ef3ee86f21047bee457c6?s=96&d=mm&r=g\",\"caption\":\"Maricarmen Echeverr\u00eda\"},\"description\":\"Abogada colegiada en el Ilustre Colegio de la Abogac\u00eda de Madrid (ICAM) desde 2014.\",\"url\":\"https:\\\/\\\/echeverriafarriols.com\\\/en\\\/author\\\/maricarmen\\\/\"}]}<\/script>\n<!-- \/ Yoast SEO plugin. -->","yoast_head_json":{"title":"De la teor\u00eda a la pr\u00e1ctica: grandes juristas guiando a la pr\u00f3xima generaci\u00f3n - Echeverria Farriols","description":"La Universidad Nebrija lanza un programa de mentor\u00eda donde destacados juristas acompa\u00f1an a estudiantes de Derecho en su formaci\u00f3n acad\u00e9mica y profesional.","robots":{"index":"index","follow":"follow","max-snippet":"max-snippet:-1","max-image-preview":"max-image-preview:large","max-video-preview":"max-video-preview:-1"},"canonical":"https:\/\/echeverriafarriols.com\/en\/de-la-teoria-a-la-practica-grandes-juristas-guiando-a-la-proxima-generacion\/","og_locale":"en_GB","og_type":"article","og_title":"De la teor\u00eda a la pr\u00e1ctica: grandes juristas guiando a la pr\u00f3xima generaci\u00f3n - Echeverria Farriols","og_description":"La Universidad Nebrija lanza un programa de mentor\u00eda donde destacados juristas acompa\u00f1an a estudiantes de Derecho en su formaci\u00f3n acad\u00e9mica y profesional.","og_url":"https:\/\/echeverriafarriols.com\/en\/de-la-teoria-a-la-practica-grandes-juristas-guiando-a-la-proxima-generacion\/","og_site_name":"Echeverria Farriols","article_published_time":"2025-07-24T10:07:17+00:00","article_modified_time":"2025-08-01T10:11:31+00:00","og_image":[{"width":787,"height":459,"url":"https:\/\/echeverriafarriols.com\/wp-content\/uploads\/2025\/06\/NEBRIJA-MENTORIA-1.jpg","type":"image\/jpeg"}],"author":"Maricarmen Echeverr\u00eda","twitter_card":"summary_large_image","twitter_misc":{"Written by":"Maricarmen Echeverr\u00eda","Estimated reading time":"2 minutes"},"schema":{"@context":"https:\/\/schema.org","@graph":[{"@type":"Article","@id":"https:\/\/echeverriafarriols.com\/de-la-teoria-a-la-practica-grandes-juristas-guiando-a-la-proxima-generacion\/#article","isPartOf":{"@id":"https:\/\/echeverriafarriols.com\/de-la-teoria-a-la-practica-grandes-juristas-guiando-a-la-proxima-generacion\/"},"author":{"name":"Maricarmen Echeverr\u00eda","@id":"https:\/\/echeverriafarriols.com\/#\/schema\/person\/8517362ead6a9d3a274b2aff6cad9d3c"},"headline":"De la teor\u00eda a la pr\u00e1ctica: grandes juristas guiando a la pr\u00f3xima generaci\u00f3n","datePublished":"2025-07-24T10:07:17+00:00","dateModified":"2025-08-01T10:11:31+00:00","mainEntityOfPage":{"@id":"https:\/\/echeverriafarriols.com\/de-la-teoria-a-la-practica-grandes-juristas-guiando-a-la-proxima-generacion\/"},"wordCount":234,"commentCount":0,"publisher":{"@id":"https:\/\/echeverriafarriols.com\/#organization"},"image":{"@id":"https:\/\/echeverriafarriols.com\/de-la-teoria-a-la-practica-grandes-juristas-guiando-a-la-proxima-generacion\/#primaryimage"},"thumbnailUrl":"https:\/\/echeverriafarriols.com\/wp-content\/uploads\/2025\/06\/NEBRIJA-MENTORIA-1.jpg","articleSection":["Uncategorized"],"inLanguage":"en-GB","potentialAction":[{"@type":"CommentAction","name":"Comment","target":["https:\/\/echeverriafarriols.com\/de-la-teoria-a-la-practica-grandes-juristas-guiando-a-la-proxima-generacion\/#respond"]}]},{"@type":"WebPage","@id":"https:\/\/echeverriafarriols.com\/de-la-teoria-a-la-practica-grandes-juristas-guiando-a-la-proxima-generacion\/","url":"https:\/\/echeverriafarriols.com\/de-la-teoria-a-la-practica-grandes-juristas-guiando-a-la-proxima-generacion\/","name":"De la teor\u00eda a la pr\u00e1ctica: grandes juristas guiando a la pr\u00f3xima generaci\u00f3n - Echeverria Farriols","isPartOf":{"@id":"https:\/\/echeverriafarriols.com\/#website"},"primaryImageOfPage":{"@id":"https:\/\/echeverriafarriols.com\/de-la-teoria-a-la-practica-grandes-juristas-guiando-a-la-proxima-generacion\/#primaryimage"},"image":{"@id":"https:\/\/echeverriafarriols.com\/de-la-teoria-a-la-practica-grandes-juristas-guiando-a-la-proxima-generacion\/#primaryimage"},"thumbnailUrl":"https:\/\/echeverriafarriols.com\/wp-content\/uploads\/2025\/06\/NEBRIJA-MENTORIA-1.jpg","datePublished":"2025-07-24T10:07:17+00:00","dateModified":"2025-08-01T10:11:31+00:00","description":"La Universidad Nebrija lanza un programa de mentor\u00eda donde destacados juristas acompa\u00f1an a estudiantes de Derecho en su formaci\u00f3n acad\u00e9mica y profesional.","breadcrumb":{"@id":"https:\/\/echeverriafarriols.com\/de-la-teoria-a-la-practica-grandes-juristas-guiando-a-la-proxima-generacion\/#breadcrumb"},"inLanguage":"en-GB","potentialAction":[{"@type":"ReadAction","target":["https:\/\/echeverriafarriols.com\/de-la-teoria-a-la-practica-grandes-juristas-guiando-a-la-proxima-generacion\/"]}]},{"@type":"ImageObject","inLanguage":"en-GB","@id":"https:\/\/echeverriafarriols.com\/de-la-teoria-a-la-practica-grandes-juristas-guiando-a-la-proxima-generacion\/#primaryimage","url":"https:\/\/echeverriafarriols.com\/wp-content\/uploads\/2025\/06\/NEBRIJA-MENTORIA-1.jpg","contentUrl":"https:\/\/echeverriafarriols.com\/wp-content\/uploads\/2025\/06\/NEBRIJA-MENTORIA-1.jpg","width":787,"height":459},{"@type":"BreadcrumbList","@id":"https:\/\/echeverriafarriols.com\/de-la-teoria-a-la-practica-grandes-juristas-guiando-a-la-proxima-generacion\/#breadcrumb","itemListElement":[{"@type":"ListItem","position":1,"name":"Portada","item":"https:\/\/echeverriafarriols.com\/"},{"@type":"ListItem","position":2,"name":"De la teor\u00eda a la pr\u00e1ctica: grandes juristas guiando a la pr\u00f3xima generaci\u00f3n"}]},{"@type":"WebSite","@id":"https:\/\/echeverriafarriols.com\/#website","url":"https:\/\/echeverriafarriols.com\/","name":"Echeverr\u00eda Farriols","description":"Comprehensive legal advice to individuals and companies","publisher":{"@id":"https:\/\/echeverriafarriols.com\/#organization"},"potentialAction":[{"@type":"SearchAction","target":{"@type":"EntryPoint","urlTemplate":"https:\/\/echeverriafarriols.com\/?s={search_term_string}"},"query-input":{"@type":"PropertyValueSpecification","valueRequired":true,"valueName":"search_term_string"}}],"inLanguage":"en-GB"},{"@type":"Organization","@id":"https:\/\/echeverriafarriols.com\/#organization","name":"Echeverria Farriols","url":"https:\/\/echeverriafarriols.com\/","logo":{"@type":"ImageObject","inLanguage":"en-GB","@id":"https:\/\/echeverriafarriols.com\/#\/schema\/logo\/image\/","url":"https:\/\/echeverriafarriols.com\/wp-content\/uploads\/2024\/11\/Logo-principal89@4x.png","contentUrl":"https:\/\/echeverriafarriols.com\/wp-content\/uploads\/2024\/11\/Logo-principal89@4x.png","width":798,"height":494,"caption":"Echeverria Farriols"},"image":{"@id":"https:\/\/echeverriafarriols.com\/#\/schema\/logo\/image\/"},"sameAs":["https:\/\/www.instagram.com\/mariecheverriaj\/","https:\/\/www.linkedin.com\/in\/maripoupee\/?originalSubdomain=es"]},{"@type":"Person","@id":"https:\/\/echeverriafarriols.com\/#\/schema\/person\/8517362ead6a9d3a274b2aff6cad9d3c","name":"Maricarmen Echeverr\u00eda","image":{"@type":"ImageObject","inLanguage":"en-GB","@id":"https:\/\/secure.gravatar.com\/avatar\/bbf7363f19dd416f0b066308425418fe5c002a3f869ef3ee86f21047bee457c6?s=96&d=mm&r=g","url":"https:\/\/secure.gravatar.com\/avatar\/bbf7363f19dd416f0b066308425418fe5c002a3f869ef3ee86f21047bee457c6?s=96&d=mm&r=g","contentUrl":"https:\/\/secure.gravatar.com\/avatar\/bbf7363f19dd416f0b066308425418fe5c002a3f869ef3ee86f21047bee457c6?s=96&d=mm&r=g","caption":"Maricarmen Echeverr\u00eda"},"description":"Member of the Madrid Bar Association (ICAM) since 2014.","url":"https:\/\/echeverriafarriols.com\/en\/author\/maricarmen\/"}]}},"_links":{"self":[{"href":"https:\/\/echeverriafarriols.com\/en\/wp-json\/wp\/v2\/posts\/2586","targetHints":{"allow":["GET"]}}],"collection":[{"href":"https:\/\/echeverriafarriols.com\/en\/wp-json\/wp\/v2\/posts"}],"about":[{"href":"https:\/\/echeverriafarriols.com\/en\/wp-json\/wp\/v2\/types\/post"}],"author":[{"embeddable":true,"href":"https:\/\/echeverriafarriols.com\/en\/wp-json\/wp\/v2\/users\/8"}],"replies":[{"embeddable":true,"href":"https:\/\/echeverriafarriols.com\/en\/wp-json\/wp\/v2\/comments?post=2586"}],"version-history":[{"count":1,"href":"https:\/\/echeverriafarriols.com\/en\/wp-json\/wp\/v2\/posts\/2586\/revisions"}],"predecessor-version":[{"id":2587,"href":"https:\/\/echeverriafarriols.com\/en\/wp-json\/wp\/v2\/posts\/2586\/revisions\/2587"}],"wp:featuredmedia":[{"embeddable":true,"href":"https:\/\/echeverriafarriols.com\/en\/wp-json\/wp\/v2\/media\/2570"}],"wp:attachment":[{"href":"https:\/\/echeverriafarriols.com\/en\/wp-json\/wp\/v2\/media?parent=2586"}],"wp:term":[{"taxonomy":"category","embeddable":true,"href":"https:\/\/echeverriafarriols.com\/en\/wp-json\/wp\/v2\/categories?post=2586"},{"taxonomy":"post_tag","embeddable":true,"href":"https:\/\/echeverriafarriols.com\/en\/wp-json\/wp\/v2\/tags?post=2586"}],"curies":[{"name":"wp","href":"https:\/\/api.w.org\/{rel}","templated":true}]}}